{"id":16760,"date":"2026-04-04T22:52:27","date_gmt":"2026-04-04T20:52:27","guid":{"rendered":"https:\/\/www.galerie.litomysl.cz\/uncategorized\/european-breakfast\/"},"modified":"2026-04-11T22:53:16","modified_gmt":"2026-04-11T20:53:16","slug":"european-breakfast","status":"publish","type":"post","link":"https:\/\/www.galerie.litomysl.cz\/en\/community-project\/european-breakfast\/","title":{"rendered":"European breakfast"},"content":{"rendered":"\t\t<div data-elementor-type=\"wp-post\" data-elementor-id=\"16760\" class=\"elementor elementor-16760 elementor-13483\">\n\t\t\t\t\t\t<div class=\"elementor-inner\">\n\t\t\t\t<div class=\"elementor-section-wrap\">\n\t\t\t\t\t\t\t\t\t<section data-particle_enable=\"false\" data-particle-mobile-disabled=\"false\" class=\"elementor-section elementor-top-section elementor-element elementor-element-b3b9123 elementor-section-full_width elementor-section-height-default elementor-section-height-default\" data-id=\"b3b9123\" data-element_type=\"section\">\n\t\t\t\t\t\t<div class=\"elementor-container elementor-column-gap-default\">\n\t\t\t\t\t\t\t<div class=\"elementor-row\">\n\t\t\t\t\t<div class=\"elementor-column elementor-col-100 elementor-top-column elementor-element elementor-element-5e5a5f4e\" data-id=\"5e5a5f4e\" data-element_type=\"column\" data-settings=\"{&quot;_ob_column_has_pseudo&quot;:&quot;no&quot;}\">\n\t\t\t<div class=\"elementor-column-wrap elementor-element-populated\">\n\t\t\t\t\t\t\t<div class=\"elementor-widget-wrap\">\n\t\t\t\t\t\t<div class=\"elementor-element elementor-element-514fce2c elementor-widget elementor-widget-text-editor\" data-id=\"514fce2c\" data-element_type=\"widget\" data-settings=\"{&quot;_ob_postman_use&quot;:&quot;no&quot;}\" data-widget_type=\"text-editor.default\">\n\t\t\t\t<div class=\"elementor-widget-container\">\n\t\t\t\t\t\t\t\t<div class=\"elementor-text-editor elementor-clearfix\">\n\t\t\t\t<p><span style=\"color: #000000;\">We invite you to another European breakfast. <\/span><span style=\"color: #000000;\">We will meet <strong>on 1 May 2026 at 10.00 a.m. in Toulovec Square<\/strong> and together we will eat what we like &#8211; and what we haven&#8217;t tasted yet.<\/span><\/p>\n<h5><span style=\"color: #000000;\"><b>BRING WHAT YOU LIKE<\/b><b><\/b><\/span><\/h5>\n<p><span style=\"color: #000000;\">Let us rejoice together in the diversity that Europe offers us. Cook, bake or prepare a dish or drink from a European country close to your heart &#8211; and share it with others. <\/span><\/p>\n<h5><span style=\"color: #000000;\"><b>OR JUST STOP BY<\/b><b><\/b><\/span><\/h5>\n<p><span style=\"color: #000000;\">No time to cook? No problem. Stop by for coffee, a hot dog or something good and enjoy a morning together. Everyone is welcome &#8211; even those who just drop in.   <\/span><\/p>\n<h5><span style=\"color: #000000;\"><b>WHO&#8217;S BEHIND THE BREAKFAST<\/b><b><\/b><\/span><\/h5>\n<p><span style=\"color: #000000;\">The European Breakfast is organised by the Litomy\u0161l City Gallery and Generation 89. We look forward to seeing you. <\/span><\/p>\n<h5><span style=\"color: #000000;\"><b>LOOKING FOR INSPIRATION?<\/b><b><\/b><\/span><\/h5>\n<p data-start=\"230\" data-end=\"282\"><span style=\"color: #000000;\">You may already know what you&#8217;re going to prepare. And maybe you&#8217;re still looking.  Evropa je &#8220;na tal\u00ed\u0159i&#8221; neuv\u011b\u0159iteln\u00e9 pestr\u00e1. &nbsp;Every country has its simple everyday dishes and festive recipes that have been handed down from generation to generation. We have selected a few blogs for you to get inspired. <\/span><\/p>\n<p data-section-id=\"168gjxe\" data-start=\"509\" data-end=\"539\"><a href=\"https:\/\/www.recipesfromeurope.com\"><span role=\"text\"><strong data-start=\"516\" data-end=\"539\">Recipes From Europe<\/strong><\/span><\/a><\/p>\n<p data-start=\"540\" data-end=\"689\"><span style=\"color: #000000;\">A blog that connects European countries through their traditional cuisine. Recipes are neatly divided by country and are often based on family traditions. <\/span><\/p>\n<p data-start=\"540\" data-end=\"689\"><strong><a href=\"https:\/\/eatingeuropean.com\">Eating European<\/a><\/strong><\/p>\n<p data-start=\"540\" data-end=\"689\"><span style=\"color: #000000;\">A contemporary view of European and Mediterranean cuisine. Here you will find lighter, everyday recipes that are easy to cook and share. <\/span><\/p>\n<p data-start=\"540\" data-end=\"689\"><strong><a href=\"https:\/\/europeankitchen.org\/blog-feed\/\">European Kitchen<\/a><\/strong><\/p>\n<p data-start=\"540\" data-end=\"689\"><span style=\"color: #000000;\">A place where recipes meet stories. Every dish here carries a piece of the region it comes from. <\/span><\/p>\n<p data-start=\"540\" data-end=\"689\">\n<\/p>\t\t\t\t\t<\/div>\n\t\t\t\t\t\t<\/div>\n\t\t\t\t<\/div>\n\t\t\t\t\t\t<\/div>\n\t\t\t\t\t<\/div>\n\t\t<\/div>\n\t\t\t\t\t\t\t\t<\/div>\n\t\t\t\t\t<\/div>\n\t\t<\/section>\n\t\t\t\t\t\t\t\t\t<\/div>\n\t\t\t<\/div>\n\t\t\t\t\t<\/div>\n\t\t","protected":false},"excerpt":{"rendered":"<p>We invite you to another European breakfast. We will meet on 1 May 2026 at 10.00 a.m. in Toulovec Square and together we will eat what we like &#8211; and [&hellip;]<\/p>\n","protected":false},"author":7,"featured_media":10998,"comment_status":"closed","ping_status":"closed","sticky":false,"template":"","format":"standard","meta":{"inline_featured_image":false,"footnotes":""},"categories":[90],"tags":[],"acf":[],"yoast_head":"<!-- This site is optimized with the Yoast SEO plugin v21.4 - https:\/\/yoast.com\/wordpress\/plugins\/seo\/ -->\n<title>European breakfast - M\u011bstsk\u00e1 galerie Litomy\u0161l<\/title>\n<meta name=\"description\" content=\"European Breakfast Litomy\u0161l invites you to a common table. Bring a taste of your favorite country or just stop by and share the morning.\" \/>\n<meta name=\"robots\" content=\"index, follow, max-snippet:-1, max-image-preview:large, max-video-preview:-1\" \/>\n<link rel=\"canonical\" href=\"https:\/\/www.galerie.litomysl.cz\/en\/community-project\/european-breakfast\/\" \/>\n<meta property=\"og:locale\" content=\"en_US\" \/>\n<meta property=\"og:type\" content=\"article\" \/>\n<meta property=\"og:title\" content=\"European breakfast - M\u011bstsk\u00e1 galerie Litomy\u0161l\" \/>\n<meta property=\"og:description\" content=\"European Breakfast Litomy\u0161l invites you to a common table. Bring a taste of your favorite country or just stop by and share the morning.\" \/>\n<meta property=\"og:url\" content=\"https:\/\/www.galerie.litomysl.cz\/en\/community-project\/european-breakfast\/\" \/>\n<meta property=\"og:site_name\" content=\"M\u011bstsk\u00e1 galerie Litomy\u0161l\" \/>\n<meta property=\"article:published_time\" content=\"2026-04-04T20:52:27+00:00\" \/>\n<meta property=\"article:modified_time\" content=\"2026-04-11T20:53:16+00:00\" \/>\n<meta property=\"og:image\" content=\"https:\/\/www.galerie.litomysl.cz\/wp-content\/uploads\/friends-doing-toast-outdoors-scaled.jpg\" \/>\n\t<meta property=\"og:image:width\" content=\"1920\" \/>\n\t<meta property=\"og:image:height\" content=\"1293\" \/>\n\t<meta property=\"og:image:type\" content=\"image\/jpeg\" \/>\n<meta name=\"author\" content=\"zuzanakova@galerie.litomysl.cz\" \/>\n<meta name=\"twitter:card\" content=\"summary_large_image\" \/>\n<meta name=\"twitter:label1\" content=\"Written by\" \/>\n\t<meta name=\"twitter:data1\" content=\"zuzanakova@galerie.litomysl.cz\" \/>\n\t<meta name=\"twitter:label2\" content=\"Est. reading time\" \/>\n\t<meta name=\"twitter:data2\" content=\"1 minute\" \/>\n<script type=\"application\/ld+json\" class=\"yoast-schema-graph\">{\"@context\":\"https:\/\/schema.org\",\"@graph\":[{\"@type\":\"Article\",\"@id\":\"https:\/\/www.galerie.litomysl.cz\/en\/community-project\/european-breakfast\/#article\",\"isPartOf\":{\"@id\":\"https:\/\/www.galerie.litomysl.cz\/en\/community-project\/european-breakfast\/\"},\"author\":{\"name\":\"zuzanakova@galerie.litomysl.cz\",\"@id\":\"https:\/\/www.galerie.litomysl.cz\/#\/schema\/person\/d0f6c310dc75276d6779780b5a498857\"},\"headline\":\"European breakfast\",\"datePublished\":\"2026-04-04T20:52:27+00:00\",\"dateModified\":\"2026-04-11T20:53:16+00:00\",\"mainEntityOfPage\":{\"@id\":\"https:\/\/www.galerie.litomysl.cz\/en\/community-project\/european-breakfast\/\"},\"wordCount\":260,\"publisher\":{\"@id\":\"https:\/\/www.galerie.litomysl.cz\/#organization\"},\"articleSection\":[\"community project\"],\"inLanguage\":\"en-US\"},{\"@type\":\"WebPage\",\"@id\":\"https:\/\/www.galerie.litomysl.cz\/en\/community-project\/european-breakfast\/\",\"url\":\"https:\/\/www.galerie.litomysl.cz\/en\/community-project\/european-breakfast\/\",\"name\":\"European breakfast - M\u011bstsk\u00e1 galerie Litomy\u0161l\",\"isPartOf\":{\"@id\":\"https:\/\/www.galerie.litomysl.cz\/#website\"},\"datePublished\":\"2026-04-04T20:52:27+00:00\",\"dateModified\":\"2026-04-11T20:53:16+00:00\",\"description\":\"European Breakfast Litomy\u0161l invites you to a common table. Bring a taste of your favorite country or just stop by and share the morning.\",\"breadcrumb\":{\"@id\":\"https:\/\/www.galerie.litomysl.cz\/en\/community-project\/european-breakfast\/#breadcrumb\"},\"inLanguage\":\"en-US\",\"potentialAction\":[{\"@type\":\"ReadAction\",\"target\":[\"https:\/\/www.galerie.litomysl.cz\/en\/community-project\/european-breakfast\/\"]}]},{\"@type\":\"BreadcrumbList\",\"@id\":\"https:\/\/www.galerie.litomysl.cz\/en\/community-project\/european-breakfast\/#breadcrumb\",\"itemListElement\":[{\"@type\":\"ListItem\",\"position\":1,\"name\":\"Dom\u016f\",\"item\":\"https:\/\/www.galerie.litomysl.cz\/en\/\"},{\"@type\":\"ListItem\",\"position\":2,\"name\":\"European breakfast\"}]},{\"@type\":\"WebSite\",\"@id\":\"https:\/\/www.galerie.litomysl.cz\/#website\",\"url\":\"https:\/\/www.galerie.litomysl.cz\/\",\"name\":\"M\u011bstsk\u00e1 galerie Litomy\u0161l\",\"description\":\"\",\"publisher\":{\"@id\":\"https:\/\/www.galerie.litomysl.cz\/#organization\"},\"potentialAction\":[{\"@type\":\"SearchAction\",\"target\":{\"@type\":\"EntryPoint\",\"urlTemplate\":\"https:\/\/www.galerie.litomysl.cz\/?s={search_term_string}\"},\"query-input\":\"required name=search_term_string\"}],\"inLanguage\":\"en-US\"},{\"@type\":\"Organization\",\"@id\":\"https:\/\/www.galerie.litomysl.cz\/#organization\",\"name\":\"M\u011bstsk\u00e1 galerie Litomy\u0161l\",\"url\":\"https:\/\/www.galerie.litomysl.cz\/\",\"logo\":{\"@type\":\"ImageObject\",\"inLanguage\":\"en-US\",\"@id\":\"https:\/\/www.galerie.litomysl.cz\/#\/schema\/logo\/image\/\",\"url\":\"https:\/\/www.galerie.litomysl.cz\/wp-content\/uploads\/MGL-logo-c..svg\",\"contentUrl\":\"https:\/\/www.galerie.litomysl.cz\/wp-content\/uploads\/MGL-logo-c..svg\",\"width\":212,\"height\":136,\"caption\":\"M\u011bstsk\u00e1 galerie Litomy\u0161l\"},\"image\":{\"@id\":\"https:\/\/www.galerie.litomysl.cz\/#\/schema\/logo\/image\/\"}},{\"@type\":\"Person\",\"@id\":\"https:\/\/www.galerie.litomysl.cz\/#\/schema\/person\/d0f6c310dc75276d6779780b5a498857\",\"name\":\"zuzanakova@galerie.litomysl.cz\",\"image\":{\"@type\":\"ImageObject\",\"inLanguage\":\"en-US\",\"@id\":\"https:\/\/www.galerie.litomysl.cz\/#\/schema\/person\/image\/\",\"url\":\"https:\/\/secure.gravatar.com\/avatar\/82b88129fb5a0ced14810407cf528454?s=96&d=mm&r=g\",\"contentUrl\":\"https:\/\/secure.gravatar.com\/avatar\/82b88129fb5a0ced14810407cf528454?s=96&d=mm&r=g\",\"caption\":\"zuzanakova@galerie.litomysl.cz\"},\"url\":\"https:\/\/www.galerie.litomysl.cz\/en\/author\/zuzanakovagalerie-litomysl-cz\/\"}]}<\/script>\n<!-- \/ Yoast SEO plugin. -->","yoast_head_json":{"title":"European breakfast - M\u011bstsk\u00e1 galerie Litomy\u0161l","description":"European Breakfast Litomy\u0161l invites you to a common table. Bring a taste of your favorite country or just stop by and share the morning.","robots":{"index":"index","follow":"follow","max-snippet":"max-snippet:-1","max-image-preview":"max-image-preview:large","max-video-preview":"max-video-preview:-1"},"canonical":"https:\/\/www.galerie.litomysl.cz\/en\/community-project\/european-breakfast\/","og_locale":"en_US","og_type":"article","og_title":"European breakfast - M\u011bstsk\u00e1 galerie Litomy\u0161l","og_description":"European Breakfast Litomy\u0161l invites you to a common table. Bring a taste of your favorite country or just stop by and share the morning.","og_url":"https:\/\/www.galerie.litomysl.cz\/en\/community-project\/european-breakfast\/","og_site_name":"M\u011bstsk\u00e1 galerie Litomy\u0161l","article_published_time":"2026-04-04T20:52:27+00:00","article_modified_time":"2026-04-11T20:53:16+00:00","og_image":[{"width":1920,"height":1293,"url":"https:\/\/www.galerie.litomysl.cz\/wp-content\/uploads\/friends-doing-toast-outdoors-scaled.jpg","type":"image\/jpeg"}],"author":"zuzanakova@galerie.litomysl.cz","twitter_card":"summary_large_image","twitter_misc":{"Written by":"zuzanakova@galerie.litomysl.cz","Est. reading time":"1 minute"},"schema":{"@context":"https:\/\/schema.org","@graph":[{"@type":"Article","@id":"https:\/\/www.galerie.litomysl.cz\/en\/community-project\/european-breakfast\/#article","isPartOf":{"@id":"https:\/\/www.galerie.litomysl.cz\/en\/community-project\/european-breakfast\/"},"author":{"name":"zuzanakova@galerie.litomysl.cz","@id":"https:\/\/www.galerie.litomysl.cz\/#\/schema\/person\/d0f6c310dc75276d6779780b5a498857"},"headline":"European breakfast","datePublished":"2026-04-04T20:52:27+00:00","dateModified":"2026-04-11T20:53:16+00:00","mainEntityOfPage":{"@id":"https:\/\/www.galerie.litomysl.cz\/en\/community-project\/european-breakfast\/"},"wordCount":260,"publisher":{"@id":"https:\/\/www.galerie.litomysl.cz\/#organization"},"articleSection":["community project"],"inLanguage":"en-US"},{"@type":"WebPage","@id":"https:\/\/www.galerie.litomysl.cz\/en\/community-project\/european-breakfast\/","url":"https:\/\/www.galerie.litomysl.cz\/en\/community-project\/european-breakfast\/","name":"European breakfast - M\u011bstsk\u00e1 galerie Litomy\u0161l","isPartOf":{"@id":"https:\/\/www.galerie.litomysl.cz\/#website"},"datePublished":"2026-04-04T20:52:27+00:00","dateModified":"2026-04-11T20:53:16+00:00","description":"European Breakfast Litomy\u0161l invites you to a common table. Bring a taste of your favorite country or just stop by and share the morning.","breadcrumb":{"@id":"https:\/\/www.galerie.litomysl.cz\/en\/community-project\/european-breakfast\/#breadcrumb"},"inLanguage":"en-US","potentialAction":[{"@type":"ReadAction","target":["https:\/\/www.galerie.litomysl.cz\/en\/community-project\/european-breakfast\/"]}]},{"@type":"BreadcrumbList","@id":"https:\/\/www.galerie.litomysl.cz\/en\/community-project\/european-breakfast\/#breadcrumb","itemListElement":[{"@type":"ListItem","position":1,"name":"Dom\u016f","item":"https:\/\/www.galerie.litomysl.cz\/en\/"},{"@type":"ListItem","position":2,"name":"European breakfast"}]},{"@type":"WebSite","@id":"https:\/\/www.galerie.litomysl.cz\/#website","url":"https:\/\/www.galerie.litomysl.cz\/","name":"M\u011bstsk\u00e1 galerie Litomy\u0161l","description":"","publisher":{"@id":"https:\/\/www.galerie.litomysl.cz\/#organization"},"potentialAction":[{"@type":"SearchAction","target":{"@type":"EntryPoint","urlTemplate":"https:\/\/www.galerie.litomysl.cz\/?s={search_term_string}"},"query-input":"required name=search_term_string"}],"inLanguage":"en-US"},{"@type":"Organization","@id":"https:\/\/www.galerie.litomysl.cz\/#organization","name":"M\u011bstsk\u00e1 galerie Litomy\u0161l","url":"https:\/\/www.galerie.litomysl.cz\/","logo":{"@type":"ImageObject","inLanguage":"en-US","@id":"https:\/\/www.galerie.litomysl.cz\/#\/schema\/logo\/image\/","url":"https:\/\/www.galerie.litomysl.cz\/wp-content\/uploads\/MGL-logo-c..svg","contentUrl":"https:\/\/www.galerie.litomysl.cz\/wp-content\/uploads\/MGL-logo-c..svg","width":212,"height":136,"caption":"M\u011bstsk\u00e1 galerie Litomy\u0161l"},"image":{"@id":"https:\/\/www.galerie.litomysl.cz\/#\/schema\/logo\/image\/"}},{"@type":"Person","@id":"https:\/\/www.galerie.litomysl.cz\/#\/schema\/person\/d0f6c310dc75276d6779780b5a498857","name":"zuzanakova@galerie.litomysl.cz","image":{"@type":"ImageObject","inLanguage":"en-US","@id":"https:\/\/www.galerie.litomysl.cz\/#\/schema\/person\/image\/","url":"https:\/\/secure.gravatar.com\/avatar\/82b88129fb5a0ced14810407cf528454?s=96&d=mm&r=g","contentUrl":"https:\/\/secure.gravatar.com\/avatar\/82b88129fb5a0ced14810407cf528454?s=96&d=mm&r=g","caption":"zuzanakova@galerie.litomysl.cz"},"url":"https:\/\/www.galerie.litomysl.cz\/en\/author\/zuzanakovagalerie-litomysl-cz\/"}]}},"_links":{"self":[{"href":"https:\/\/www.galerie.litomysl.cz\/en\/wp-json\/wp\/v2\/posts\/16760"}],"collection":[{"href":"https:\/\/www.galerie.litomysl.cz\/en\/wp-json\/wp\/v2\/posts"}],"about":[{"href":"https:\/\/www.galerie.litomysl.cz\/en\/wp-json\/wp\/v2\/types\/post"}],"author":[{"embeddable":true,"href":"https:\/\/www.galerie.litomysl.cz\/en\/wp-json\/wp\/v2\/users\/7"}],"replies":[{"embeddable":true,"href":"https:\/\/www.galerie.litomysl.cz\/en\/wp-json\/wp\/v2\/comments?post=16760"}],"version-history":[{"count":2,"href":"https:\/\/www.galerie.litomysl.cz\/en\/wp-json\/wp\/v2\/posts\/16760\/revisions"}],"predecessor-version":[{"id":17003,"href":"https:\/\/www.galerie.litomysl.cz\/en\/wp-json\/wp\/v2\/posts\/16760\/revisions\/17003"}],"wp:featuredmedia":[{"embeddable":true,"href":"https:\/\/www.galerie.litomysl.cz\/en\/wp-json\/wp\/v2\/media\/10998"}],"wp:attachment":[{"href":"https:\/\/www.galerie.litomysl.cz\/en\/wp-json\/wp\/v2\/media?parent=16760"}],"wp:term":[{"taxonomy":"category","embeddable":true,"href":"https:\/\/www.galerie.litomysl.cz\/en\/wp-json\/wp\/v2\/categories?post=16760"},{"taxonomy":"post_tag","embeddable":true,"href":"https:\/\/www.galerie.litomysl.cz\/en\/wp-json\/wp\/v2\/tags?post=16760"}],"curies":[{"name":"wp","href":"https:\/\/api.w.org\/{rel}","templated":true}]}}